{"id":1232,"date":"2019-10-23T09:50:47","date_gmt":"2019-10-23T07:50:47","guid":{"rendered":"http:\/\/musikschule-kalimba.de\/?p=1232"},"modified":"2019-10-23T09:50:47","modified_gmt":"2019-10-23T07:50:47","slug":"orchester-marsch-percussion-co","status":"publish","type":"post","link":"https:\/\/musikschule-kalimba.de\/?p=1232","title":{"rendered":"Orchester- \/ Marsch-Percussion &#038; Co"},"content":{"rendered":"<p>Workshop mit Stefan Kickertz<\/p>\n<p>Der vielseitig versierte Drummer Stefan Kickertz ist am Sonntag, 24. November, als Dozent des Workshops &#8222;Orchester-\/ Marsch-Percussion &amp; Co&#8220; zu Gast in der Musikschule Kalimba in Pr\u00fcm.<span class=\"Apple-converted-space\">&nbsp;<\/span>In einem dreist\u00fcndigen Workshop gibt Stefan tiefe Einblicke in Themen, die jeden Schlagzeuger interessieren, der im Blasorchester spielt:&nbsp;A2 Becken, Deutsche Locke, Gro\u00dfe Trommel- und Beckenphrasierung, Percussion ohne Noten, Triangel usw. Auch das Drum Set kommt nicht zu kurz.<\/p>\n<p><img decoding=\"async\" loading=\"lazy\" class=\"aligncenter  wp-image-1235\" src=\"http:\/\/musikschule-kalimba.de\/wp-content\/uploads\/2019\/10\/Schlagzeugworkshop-Stefan-Kickertz-2019-Plakat-723x1024.png\" alt=\"\" width=\"617\" height=\"874\" srcset=\"https:\/\/musikschule-kalimba.de\/wp-content\/uploads\/2019\/10\/Schlagzeugworkshop-Stefan-Kickertz-2019-Plakat-723x1024.png 723w, https:\/\/musikschule-kalimba.de\/wp-content\/uploads\/2019\/10\/Schlagzeugworkshop-Stefan-Kickertz-2019-Plakat-212x300.png 212w, https:\/\/musikschule-kalimba.de\/wp-content\/uploads\/2019\/10\/Schlagzeugworkshop-Stefan-Kickertz-2019-Plakat-768x1087.png 768w, https:\/\/musikschule-kalimba.de\/wp-content\/uploads\/2019\/10\/Schlagzeugworkshop-Stefan-Kickertz-2019-Plakat.png 1239w\" sizes=\"(max-width: 617px) 100vw, 617px\" \/><\/p>\n<p>Stefan Kickertz begann seine Ausbildung an der Musikschule des Eifelkreises Bitburg-Pr\u00fcm, u. a. bei Klaus Berlingen und Reiner Klein. Nach dem Abitur trat er in den Milit\u00e4rmusikdienst ein und absolvierte den Diplom-Studiengang Orchestermusik im Fachbereich Schlagzeug an der Robert Schumann Hochschule in D\u00fcsseldorf.&nbsp;Von 2007 &#8211; 2014 spielte er im Luftwaffenmusikkorps 4 in Berlin, seit 2014 ist er Mitglied des Heeresmusikkorps Koblenz.&nbsp;Im Rahmen seiner Nebent\u00e4tigkeit wurde Stefan als Schlagwerker und f\u00fcr zahlreiche Musicalprojekte engagiert und spielte auf den wichtigsten B\u00fchnen der Bundeshauptstadt.<span class=\"Apple-converted-space\">&nbsp;<\/span>Er ist Mitglied des Ensembles &#8222;Hauptstadtblech&#8220; und zudem an den verschiedensten Audio-Produktionen in den Bereichen Rock\/Pop, Filmmusik und Klassik beteiligt.<\/p>\n<p>Termin: So, 24.11.2019, 11 &#8211; 14 Uhr, Musikschule Kalimba, Pr\u00fcm<br \/>\nTeilnahmegeb\u00fchr: 25,-\u20ac<br \/>\nAnmeldung bei Reiner Klein, Tel.: 06551-70119 oder reiner.kalimba@gmail.com<\/p>\n","protected":false},"excerpt":{"rendered":"<p>Workshop mit Stefan Kickertz Der vielseitig versierte Drummer Stefan Kickertz ist am Sonntag, 24. November, als Dozent des Workshops &#8222;Orchester-\/ Marsch-Percussion &amp; Co&#8220; zu Gast in der Musikschule Kalimba in Pr\u00fcm.&nbsp;In einem dreist\u00fcndigen Workshop gibt Stefan tiefe Einblicke in Themen,<\/p>\n","protected":false},"author":1,"featured_media":0,"comment_status":"closed","ping_status":"closed","sticky":false,"template":"","format":"standard","meta":{"ngg_post_thumbnail":0,"jetpack_post_was_ever_published":false,"jetpack_publicize_message":"","jetpack_is_tweetstorm":false,"jetpack_publicize_feature_enabled":true,"jetpack_social_post_already_shared":true,"jetpack_social_options":[]},"categories":[4],"tags":[],"jetpack_publicize_connections":[],"jetpack_featured_media_url":"","jetpack_sharing_enabled":true,"jetpack_shortlink":"https:\/\/wp.me\/paKFOT-jS","_links":{"self":[{"href":"https:\/\/musikschule-kalimba.de\/index.php?rest_route=\/wp\/v2\/posts\/1232"}],"collection":[{"href":"https:\/\/musikschule-kalimba.de\/index.php?rest_route=\/wp\/v2\/posts"}],"about":[{"href":"https:\/\/musikschule-kalimba.de\/index.php?rest_route=\/wp\/v2\/types\/post"}],"author":[{"embeddable":true,"href":"https:\/\/musikschule-kalimba.de\/index.php?rest_route=\/wp\/v2\/users\/1"}],"replies":[{"embeddable":true,"href":"https:\/\/musikschule-kalimba.de\/index.php?rest_route=%2Fwp%2Fv2%2Fcomments&post=1232"}],"version-history":[{"count":3,"href":"https:\/\/musikschule-kalimba.de\/index.php?rest_route=\/wp\/v2\/posts\/1232\/revisions"}],"predecessor-version":[{"id":1237,"href":"https:\/\/musikschule-kalimba.de\/index.php?rest_route=\/wp\/v2\/posts\/1232\/revisions\/1237"}],"wp:attachment":[{"href":"https:\/\/musikschule-kalimba.de\/index.php?rest_route=%2Fwp%2Fv2%2Fmedia&parent=1232"}],"wp:term":[{"taxonomy":"category","embeddable":true,"href":"https:\/\/musikschule-kalimba.de\/index.php?rest_route=%2Fwp%2Fv2%2Fcategories&post=1232"},{"taxonomy":"post_tag","embeddable":true,"href":"https:\/\/musikschule-kalimba.de\/index.php?rest_route=%2Fwp%2Fv2%2Ftags&post=1232"}],"curies":[{"name":"wp","href":"https:\/\/api.w.org\/{rel}","templated":true}]}}